{"id":2664,"date":"2014-06-28T13:08:39","date_gmt":"2014-06-28T12:08:39","guid":{"rendered":"http:\/\/www.thetheoryworks.com\/?p=2664"},"modified":"2020-02-16T22:08:16","modified_gmt":"2020-02-16T21:08:16","slug":"trekking-magazine-modulares-sheltersystem","status":"publish","type":"post","link":"https:\/\/www.thetheoryworks.com\/de\/blog\/trekking-magazine-modulares-sheltersystem\/","title":{"rendered":"Trekking Magazin: Modulares Sheltersystem"},"content":{"rendered":"<p><a href=\"\/\/www.thetheoryworks.com\/wordpress\/wp-content\/uploads\/Trekking-Ausruestung-detail-600x625p.jpg\"><img loading=\"lazy\" decoding=\"async\" src=\"\/\/www.thetheoryworks.com\/wordpress\/wp-content\/uploads\/Trekking-Ausruestung-detail-600x625p-300x288.jpg\" alt=\"Trekking Magazin features The Theory Works\u00ae\" width=\"300\" height=\"288\" class=\"alignright size-medium wp-image-2632\" srcset=\"https:\/\/www.thetheoryworks.com\/wordpress\/wp-content\/uploads\/Trekking-Ausruestung-detail-600x625p-300x288.jpg 300w, https:\/\/www.thetheoryworks.com\/wordpress\/wp-content\/uploads\/Trekking-Ausruestung-detail-600x625p-200x192.jpg 200w, https:\/\/www.thetheoryworks.com\/wordpress\/wp-content\/uploads\/Trekking-Ausruestung-detail-600x625p-500x480.jpg 500w, https:\/\/www.thetheoryworks.com\/wordpress\/wp-content\/uploads\/Trekking-Ausruestung-detail-600x625p-600x576.jpg 600w, https:\/\/www.thetheoryworks.com\/wordpress\/wp-content\/uploads\/Trekking-Ausruestung-detail-600x625p-150x144.jpg 150w, https:\/\/www.thetheoryworks.com\/wordpress\/wp-content\/uploads\/Trekking-Ausruestung-detail-600x625p.jpg 625w\" sizes=\"auto, (max-width: 300px) 100vw, 300px\" \/><\/a><br \/>\n<div class=\"woo-sc-quote\"><p>Durch das modulare System k\u00f6nnen sich die Benutzer ihren Shelter nach individuellen Anspr\u00fcchen zusammenstellen. Einzelne oder mehrere Komponenten k\u00f6nnen mit Hilfe von Trekkingst\u00f6cken als Tarp benutzt oder zu einem geschlossenen Tipi f\u00fcr bis zu sechs Personen ausgebaut werden. Ausklappbare Seitenw\u00e4nde bieten extra Kopfraum. Bei Schlechtwetterverh\u00e4ltnissen k\u00f6nnen die W\u00e4nde eingeklappt werden und sorgen f\u00fcr besseren Wetterschutz.<\/p><\/div><\/p>\n","protected":false},"excerpt":{"rendered":"","protected":false},"author":2,"featured_media":0,"comment_status":"closed","ping_status":"closed","sticky":false,"template":"","format":"standard","meta":{"footnotes":""},"categories":[139,133],"tags":[130],"class_list":["post-2664","post","type-post","status-publish","format-standard","hentry","category-modulares-sheltersystem-posts","category-presse-posts","tag-trekking-magazin-de"],"yoast_head":"<!-- This site is optimized with the Yoast SEO plugin v26.9 - https:\/\/yoast.com\/product\/yoast-seo-wordpress\/ -->\n<title>Modularer Shelter im Trekking Magazin<\/title>\n<meta name=\"description\" content=\"Trekking Magazin (Germany) stellt das neue modulare Sheltersystem von The Theory Works\u00ae vor.\" \/>\n<meta name=\"robots\" content=\"index, follow, max-snippet:-1, max-image-preview:large, max-video-preview:-1\" \/>\n<link rel=\"canonical\" href=\"https:\/\/www.thetheoryworks.com\/de\/blog\/trekking-magazine-modulares-sheltersystem\/\" \/>\n<meta property=\"og:locale\" content=\"de_DE\" \/>\n<meta property=\"og:type\" content=\"article\" \/>\n<meta property=\"og:title\" content=\"Modularer Shelter im Trekking Magazin\" \/>\n<meta property=\"og:description\" content=\"Trekking Magazin (Germany) stellt das neue modulare Sheltersystem von The Theory Works\u00ae vor.\" \/>\n<meta property=\"og:url\" content=\"https:\/\/www.thetheoryworks.com\/de\/blog\/trekking-magazine-modulares-sheltersystem\/\" \/>\n<meta property=\"og:site_name\" content=\"The Theory Works\u00ae\" \/>\n<meta property=\"article:published_time\" content=\"2014-06-28T12:08:39+00:00\" \/>\n<meta property=\"article:modified_time\" content=\"2020-02-16T21:08:16+00:00\" \/>\n<meta property=\"og:image\" content=\"\/\/www.thetheoryworks.com\/wordpress\/wp-content\/uploads\/Trekking-Ausruestung-detail-600x625p-300x288.jpg\" \/>\n<meta name=\"author\" content=\"Will\" \/>\n<meta name=\"twitter:label1\" content=\"Verfasst von\" \/>\n\t<meta name=\"twitter:data1\" content=\"Will\" \/>\n<script type=\"application\/ld+json\" class=\"yoast-schema-graph\">{\"@context\":\"https:\/\/schema.org\",\"@graph\":[{\"@type\":\"Article\",\"@id\":\"https:\/\/www.thetheoryworks.com\/de\/blog\/trekking-magazine-modulares-sheltersystem\/#article\",\"isPartOf\":{\"@id\":\"https:\/\/www.thetheoryworks.com\/de\/blog\/trekking-magazine-modulares-sheltersystem\/\"},\"author\":{\"name\":\"Will\",\"@id\":\"https:\/\/www.thetheoryworks.com\/de\/#\/schema\/person\/e881ece7c9d3a8c1b1cfda6a8f027393\"},\"headline\":\"Trekking Magazin: Modulares Sheltersystem\",\"datePublished\":\"2014-06-28T12:08:39+00:00\",\"dateModified\":\"2020-02-16T21:08:16+00:00\",\"mainEntityOfPage\":{\"@id\":\"https:\/\/www.thetheoryworks.com\/de\/blog\/trekking-magazine-modulares-sheltersystem\/\"},\"wordCount\":71,\"keywords\":[\"trekking magazin\"],\"articleSection\":[\"Modulares Sheltersystem Posts\",\"Presse Posts\"],\"inLanguage\":\"de\"},{\"@type\":\"WebPage\",\"@id\":\"https:\/\/www.thetheoryworks.com\/de\/blog\/trekking-magazine-modulares-sheltersystem\/\",\"url\":\"https:\/\/www.thetheoryworks.com\/de\/blog\/trekking-magazine-modulares-sheltersystem\/\",\"name\":\"Modularer Shelter im Trekking Magazin\",\"isPartOf\":{\"@id\":\"https:\/\/www.thetheoryworks.com\/de\/#website\"},\"datePublished\":\"2014-06-28T12:08:39+00:00\",\"dateModified\":\"2020-02-16T21:08:16+00:00\",\"author\":{\"@id\":\"https:\/\/www.thetheoryworks.com\/de\/#\/schema\/person\/e881ece7c9d3a8c1b1cfda6a8f027393\"},\"description\":\"Trekking Magazin (Germany) stellt das neue modulare Sheltersystem von The Theory Works\u00ae vor.\",\"breadcrumb\":{\"@id\":\"https:\/\/www.thetheoryworks.com\/de\/blog\/trekking-magazine-modulares-sheltersystem\/#breadcrumb\"},\"inLanguage\":\"de\",\"potentialAction\":[{\"@type\":\"ReadAction\",\"target\":[\"https:\/\/www.thetheoryworks.com\/de\/blog\/trekking-magazine-modulares-sheltersystem\/\"]}]},{\"@type\":\"BreadcrumbList\",\"@id\":\"https:\/\/www.thetheoryworks.com\/de\/blog\/trekking-magazine-modulares-sheltersystem\/#breadcrumb\",\"itemListElement\":[{\"@type\":\"ListItem\",\"position\":1,\"name\":\"Home\",\"item\":\"https:\/\/www.thetheoryworks.com\/de\/\"},{\"@type\":\"ListItem\",\"position\":2,\"name\":\"Trekking Magazin: Modulares Sheltersystem\"}]},{\"@type\":\"WebSite\",\"@id\":\"https:\/\/www.thetheoryworks.com\/de\/#website\",\"url\":\"https:\/\/www.thetheoryworks.com\/de\/\",\"name\":\"The Theory Works\u00ae\",\"description\":\"\",\"potentialAction\":[{\"@type\":\"SearchAction\",\"target\":{\"@type\":\"EntryPoint\",\"urlTemplate\":\"https:\/\/www.thetheoryworks.com\/de\/?s={search_term_string}\"},\"query-input\":{\"@type\":\"PropertyValueSpecification\",\"valueRequired\":true,\"valueName\":\"search_term_string\"}}],\"inLanguage\":\"de\"},{\"@type\":\"Person\",\"@id\":\"https:\/\/www.thetheoryworks.com\/de\/#\/schema\/person\/e881ece7c9d3a8c1b1cfda6a8f027393\",\"name\":\"Will\",\"sameAs\":[\"http:\/\/www.thetheoryworks.com\"]}]}<\/script>\n<!-- \/ Yoast SEO plugin. -->","yoast_head_json":{"title":"Modularer Shelter im Trekking Magazin","description":"Trekking Magazin (Germany) stellt das neue modulare Sheltersystem von The Theory Works\u00ae vor.","robots":{"index":"index","follow":"follow","max-snippet":"max-snippet:-1","max-image-preview":"max-image-preview:large","max-video-preview":"max-video-preview:-1"},"canonical":"https:\/\/www.thetheoryworks.com\/de\/blog\/trekking-magazine-modulares-sheltersystem\/","og_locale":"de_DE","og_type":"article","og_title":"Modularer Shelter im Trekking Magazin","og_description":"Trekking Magazin (Germany) stellt das neue modulare Sheltersystem von The Theory Works\u00ae vor.","og_url":"https:\/\/www.thetheoryworks.com\/de\/blog\/trekking-magazine-modulares-sheltersystem\/","og_site_name":"The Theory Works\u00ae","article_published_time":"2014-06-28T12:08:39+00:00","article_modified_time":"2020-02-16T21:08:16+00:00","og_image":[{"url":"\/\/www.thetheoryworks.com\/wordpress\/wp-content\/uploads\/Trekking-Ausruestung-detail-600x625p-300x288.jpg","type":"","width":"","height":""}],"author":"Will","twitter_misc":{"Verfasst von":"Will"},"schema":{"@context":"https:\/\/schema.org","@graph":[{"@type":"Article","@id":"https:\/\/www.thetheoryworks.com\/de\/blog\/trekking-magazine-modulares-sheltersystem\/#article","isPartOf":{"@id":"https:\/\/www.thetheoryworks.com\/de\/blog\/trekking-magazine-modulares-sheltersystem\/"},"author":{"name":"Will","@id":"https:\/\/www.thetheoryworks.com\/de\/#\/schema\/person\/e881ece7c9d3a8c1b1cfda6a8f027393"},"headline":"Trekking Magazin: Modulares Sheltersystem","datePublished":"2014-06-28T12:08:39+00:00","dateModified":"2020-02-16T21:08:16+00:00","mainEntityOfPage":{"@id":"https:\/\/www.thetheoryworks.com\/de\/blog\/trekking-magazine-modulares-sheltersystem\/"},"wordCount":71,"keywords":["trekking magazin"],"articleSection":["Modulares Sheltersystem Posts","Presse Posts"],"inLanguage":"de"},{"@type":"WebPage","@id":"https:\/\/www.thetheoryworks.com\/de\/blog\/trekking-magazine-modulares-sheltersystem\/","url":"https:\/\/www.thetheoryworks.com\/de\/blog\/trekking-magazine-modulares-sheltersystem\/","name":"Modularer Shelter im Trekking Magazin","isPartOf":{"@id":"https:\/\/www.thetheoryworks.com\/de\/#website"},"datePublished":"2014-06-28T12:08:39+00:00","dateModified":"2020-02-16T21:08:16+00:00","author":{"@id":"https:\/\/www.thetheoryworks.com\/de\/#\/schema\/person\/e881ece7c9d3a8c1b1cfda6a8f027393"},"description":"Trekking Magazin (Germany) stellt das neue modulare Sheltersystem von The Theory Works\u00ae vor.","breadcrumb":{"@id":"https:\/\/www.thetheoryworks.com\/de\/blog\/trekking-magazine-modulares-sheltersystem\/#breadcrumb"},"inLanguage":"de","potentialAction":[{"@type":"ReadAction","target":["https:\/\/www.thetheoryworks.com\/de\/blog\/trekking-magazine-modulares-sheltersystem\/"]}]},{"@type":"BreadcrumbList","@id":"https:\/\/www.thetheoryworks.com\/de\/blog\/trekking-magazine-modulares-sheltersystem\/#breadcrumb","itemListElement":[{"@type":"ListItem","position":1,"name":"Home","item":"https:\/\/www.thetheoryworks.com\/de\/"},{"@type":"ListItem","position":2,"name":"Trekking Magazin: Modulares Sheltersystem"}]},{"@type":"WebSite","@id":"https:\/\/www.thetheoryworks.com\/de\/#website","url":"https:\/\/www.thetheoryworks.com\/de\/","name":"The Theory Works\u00ae","description":"","potentialAction":[{"@type":"SearchAction","target":{"@type":"EntryPoint","urlTemplate":"https:\/\/www.thetheoryworks.com\/de\/?s={search_term_string}"},"query-input":{"@type":"PropertyValueSpecification","valueRequired":true,"valueName":"search_term_string"}}],"inLanguage":"de"},{"@type":"Person","@id":"https:\/\/www.thetheoryworks.com\/de\/#\/schema\/person\/e881ece7c9d3a8c1b1cfda6a8f027393","name":"Will","sameAs":["http:\/\/www.thetheoryworks.com"]}]}},"_links":{"self":[{"href":"https:\/\/www.thetheoryworks.com\/de\/wp-json\/wp\/v2\/posts\/2664","targetHints":{"allow":["GET"]}}],"collection":[{"href":"https:\/\/www.thetheoryworks.com\/de\/wp-json\/wp\/v2\/posts"}],"about":[{"href":"https:\/\/www.thetheoryworks.com\/de\/wp-json\/wp\/v2\/types\/post"}],"author":[{"embeddable":true,"href":"https:\/\/www.thetheoryworks.com\/de\/wp-json\/wp\/v2\/users\/2"}],"replies":[{"embeddable":true,"href":"https:\/\/www.thetheoryworks.com\/de\/wp-json\/wp\/v2\/comments?post=2664"}],"version-history":[{"count":4,"href":"https:\/\/www.thetheoryworks.com\/de\/wp-json\/wp\/v2\/posts\/2664\/revisions"}],"predecessor-version":[{"id":4806,"href":"https:\/\/www.thetheoryworks.com\/de\/wp-json\/wp\/v2\/posts\/2664\/revisions\/4806"}],"wp:attachment":[{"href":"https:\/\/www.thetheoryworks.com\/de\/wp-json\/wp\/v2\/media?parent=2664"}],"wp:term":[{"taxonomy":"category","embeddable":true,"href":"https:\/\/www.thetheoryworks.com\/de\/wp-json\/wp\/v2\/categories?post=2664"},{"taxonomy":"post_tag","embeddable":true,"href":"https:\/\/www.thetheoryworks.com\/de\/wp-json\/wp\/v2\/tags?post=2664"}],"curies":[{"name":"wp","href":"https:\/\/api.w.org\/{rel}","templated":true}]}}